{"id":2213,"date":"2022-02-06T15:00:55","date_gmt":"2022-02-06T14:00:55","guid":{"rendered":"https:\/\/www.sepmeries.fr\/?p=2213"},"modified":"2022-02-06T15:12:12","modified_gmt":"2022-02-06T14:12:12","slug":"operation-nettoyons-la-nature","status":"publish","type":"post","link":"https:\/\/www.sepmeries.fr\/index.php\/2022\/02\/06\/operation-nettoyons-la-nature\/","title":{"rendered":"Op\u00e9ration \u00ab\u00a0Nettoyons la Nature\u00a0\u00bb"},"content":{"rendered":"\n<h4>Prot\u00e9geons et pr\u00e9servons notre Environnement<\/h4>\n\n\n\n<p>Le <strong>samedi 19 mars 2022<\/strong>, la commune de Sepmeries s\u2019associe \u00e0 la CCPM et \u00e0 la R\u00e9gion pour organiser une matin\u00e9e \u00e9co-citoyenne.<\/p>\n\n\n\n<p>Cette op\u00e9ration propose aux volontaires de tous \u00e2ges, d\u2019agir concr\u00e8tement en faveur de l\u2019environnement en nettoyant des sites naturels souill\u00e9s par des d\u00e9chets r\u00e9sultant des comportements irresponsables.<\/p>\n\n\n\n<p>Pour participer \u00e0 cette op\u00e9ration et pour une bonne organisation, il est pr\u00e9f\u00e9rable de d\u00e9poser le bulletin d&rsquo;inscription joint en mairie ou par mail&nbsp;:&nbsp;commune.sepmeries@orange.fr<\/p>\n\n\n\n<p>Il sera aussi possible de s\u2019inscrire le jour m\u00eame.<\/p>\n\n\n\n<p>Le 19 mars, nous comptons sur vous, venez nombreux&nbsp;!<\/p>\n\n\n\n<p><strong>RENDEZ-VOUS COUR DE LA MAIRIE LE 19 MARS&nbsp;A 8H30<\/strong><\/p>\n\n\n\n<p><strong>Avec l\u2019op\u00e9ration \u00ab&nbsp;Nettoyons la Nature&nbsp;\u00bb la plan\u00e8te et le village vous disent merci.<\/strong><\/p>\n\n\n\n<div class=\"wp-block-file\"><a href=\"https:\/\/www.sepmeries.fr\/wp-content\/uploads\/2022\/02\/Fiche-dinscription-des-benevoles.pdf\" target=\"_blank\" rel=\"noreferrer noopener\">Fiche-d&rsquo;inscription-des-b\u00e9n\u00e9voles<\/a><a href=\"https:\/\/www.sepmeries.fr\/wp-content\/uploads\/2022\/02\/Fiche-dinscription-des-benevoles.pdf\" class=\"wp-block-file__button\" download>T\u00e9l\u00e9charger<\/a><\/div>\n\n\n\n<p><\/p>\n","protected":false},"excerpt":{"rendered":"<p>Prot\u00e9geons et pr\u00e9servons notre Environnement Le samedi 19 mars 2022, la commune de Sepmeries s\u2019associe \u00e0 la CCPM et \u00e0 la R\u00e9gion pour organiser une matin\u00e9e \u00e9co-citoyenne. Cette op\u00e9ration propose [&hellip;]<\/p>\n","protected":false},"author":2,"featured_media":2214,"comment_status":"closed","ping_status":"closed","sticky":false,"template":"","format":"standard","meta":[],"categories":[6],"tags":[],"_links":{"self":[{"href":"https:\/\/www.sepmeries.fr\/index.php\/wp-json\/wp\/v2\/posts\/2213"}],"collection":[{"href":"https:\/\/www.sepmeries.fr\/index.php\/wp-json\/wp\/v2\/posts"}],"about":[{"href":"https:\/\/www.sepmeries.fr\/index.php\/wp-json\/wp\/v2\/types\/post"}],"author":[{"embeddable":true,"href":"https:\/\/www.sepmeries.fr\/index.php\/wp-json\/wp\/v2\/users\/2"}],"replies":[{"embeddable":true,"href":"https:\/\/www.sepmeries.fr\/index.php\/wp-json\/wp\/v2\/comments?post=2213"}],"version-history":[{"count":5,"href":"https:\/\/www.sepmeries.fr\/index.php\/wp-json\/wp\/v2\/posts\/2213\/revisions"}],"predecessor-version":[{"id":2221,"href":"https:\/\/www.sepmeries.fr\/index.php\/wp-json\/wp\/v2\/posts\/2213\/revisions\/2221"}],"wp:featuredmedia":[{"embeddable":true,"href":"https:\/\/www.sepmeries.fr\/index.php\/wp-json\/wp\/v2\/media\/2214"}],"wp:attachment":[{"href":"https:\/\/www.sepmeries.fr\/index.php\/wp-json\/wp\/v2\/media?parent=2213"}],"wp:term":[{"taxonomy":"category","embeddable":true,"href":"https:\/\/www.sepmeries.fr\/index.php\/wp-json\/wp\/v2\/categories?post=2213"},{"taxonomy":"post_tag","embeddable":true,"href":"https:\/\/www.sepmeries.fr\/index.php\/wp-json\/wp\/v2\/tags?post=2213"}],"curies":[{"name":"wp","href":"https:\/\/api.w.org\/{rel}","templated":true}]}}